

{"id":7555,"date":"2021-08-15T09:34:20","date_gmt":"2021-08-15T09:34:20","guid":{"rendered":"https:\/\/lodie.eu\/?p=7555"},"modified":"2021-11-01T06:06:40","modified_gmt":"2021-11-01T06:06:40","slug":"schijnveiligheid","status":"publish","type":"post","link":"https:\/\/lodie.eu\/schijnveiligheid\/","title":{"rendered":"98 Schijnveiligheid"},"content":{"rendered":"<blockquote>\n<hr \/>\n<p><img loading=\"lazy\" decoding=\"async\" class=\"alignnone wp-image-4826\" src=\"https:\/\/lodie.eu\/%77%70%2d%63%6f%6e%74%65%6e%74\/uploads\/2020\/12\/lodie-gek2-150x150.jpg\" alt=\"\" width=\"83\" height=\"83\" \/> 15-augustus-2021<\/p>\n<hr \/>\n<\/blockquote>\n<blockquote><p><strong>De datadiefstal bij de GGD treft veel meer mensen dan het aantal gedupeerden dat de organisatie publiekelijk meldt. Ook zijn burgers van wie gegevens zijn gestolen en mogelijk doorverkocht niet door de GGD ge\u00efnformeerd.<\/strong> Dat meldt RTL Nieuws.<br \/>\n<strong>Het daadwerkelijke aantal gedupeerden is echter veel groter, en de GGD heeft na maanden nog geen goed beeld van hoe groot de datadiefstal nu echt is,<\/strong> blijkt uit onderzoek van RTL Nieuws.<\/p><\/blockquote>\n<p>Als je niets te verbergen hebt heb je toch iets te vrezen&#8230;namelijk diefstal van je priv\u00e9 data die min of meer door de overheid wordt afgedwongen die zij vervolgens opslaan ergens binnen een\u00a0 onbewoonbaar-verklaarde en dus bouwvallige cloud.<\/p>\n<p>Steeds weer opnieuw en dat diverse malen per jaar en dat jaren lang, verliest de overheid en andere belangrijke instellingen priv\u00e9 data van burgers\/klanten.\u00a0 De digitale wereld is een slechte beveiligde wereld en het is daarom een slecht idee dat DNA, vingerafdrukken, medische gegevens enz. worden opgeslagen binnen gigantische databanken op hackbare servers. Er zit enkel een goedkoop hangslot op de virtuele voordeur.\u200b<\/p>\n<hr \/>\n<p>Zorgpersoneel ziet de verplichte prik niet zitten. Ook vele artsen zijn er niet van gediend.<a href=\"https:\/\/www.metronieuws.nl\/in-het-nieuws\/binnenland\/2021\/08\/verpleegkundigen-vaccinatieplicht-werkdruk-coronavaccin\/\" target=\"_blank\" rel=\"noopener\"><strong> Meerderheid verpleegkundigen tegen vaccinatieplicht<\/strong><\/a><\/p>\n<p>We zijn dus gezien, de non-bescherming tegenover anderen, weer terug bij af. Dus samen doen is nu &#8220;Vaccineren moet je nu voor jezelf doen, want dit hebben we ons, onderling aangedaan&#8221;.\u200b<\/p>\n<p><strong> Docenten worstelen met nieuw schooljaar: \u2019Ongevaccineerde leerling moet online les krijgen\u2019<\/strong>&#8230; de logica is wederom zoek&#8230;de\u00a0 geprikten en ongeprikten kunnen elkaar &#8220;besmetten&#8221;, waarom dan die worsteling m.b.t. enkel de<strong> &#8220;gevaccineerden&#8221; mogen naar school.<\/strong><\/p>\n<p>Britse deskundigen van het PHE, <em>Public Health England,<\/em> zeggen in een offici\u00eble verklaring:<strong> de virale belasting kan bij gevaccineerden even hoog zijn als bij niet-gevaccineerde delta-ge\u00efnfecteerden.<\/strong><\/p>\n<p>Zie video wat Fauci zegt m.b.t. ongeprikten en geprikten.<\/p>\n<p><center>[videojs mp4=&#8221;https:\/\/lodie.biz\/blog-vids\/Fauci Het niveau van het virus bij gevaccineerden is hetzelf.mp4&#8243;]<\/center><\/p>\n<hr \/>\n<p><strong>Schijnveiligheid<\/strong><\/p>\n<p>De CovidPas, de apartheids-pas,\u00a0 is <strong>een Vals gevoel van Veiligheid<\/strong>, dus schijnveiligheid, zoals men dat ook doet bij terroristenbestrijding&#8230;De overheid zegt dus dat je veilig de oorlog in kan omdat je nagenoeg onkwetsbaar bent met het vaccin en dat je medemens geen gevaar loopt door jou. Ook blijkt dat het virus bij mensen met pas 1 prik de meeste varianten ontwikkelen.<\/p>\n<p>Mensen met een dubbele prik hoeven niet langer in quarantaine als ze in contact komen met een positief <strong>Covid-&#8220;geval&#8221;.<\/strong> Dit heeft Duitsland en Engeland al besloten&#8230;NL zal volgen&#8230;vreemd?&#8230;. want ook dubbel geprikten kunnen nog besmet raken en doorgeven. <em>(om in overheids angstmodus te blijven)\u00a0 <\/em>Ook weer een onlogische zet immers men wil wel gevaccineerden testen die uit een Rood land komen.<br \/>\nGevaccineerden zijn op deze manier het <strong>Corona paard van Troje&#8230;de verborgen ziektekiemen.<\/strong><\/p>\n<hr \/>\n<p><strong>Kaltgestellt<\/strong><\/p>\n<p>Er zijn vele gevaccineerden die geen contact meer willen met vrienden en familieleden die niet gevaccineerd zijn. Als ik ze dan vraag waarom niet dan krijg je steevast te horen; \u201c <strong>omdat zij anderen kunnen besmetten en omdat het Wappies zijn.<\/strong><\/p>\n<p>Als je ze dan vertelt dat zij, als gevaccineerden, ook mensen kunnen besmetten die wel of niet gevaccineerd zijn en dat zijzelf, als gevaccineerden ook nog ziek kunnen worden dan komen ze met het verhaal dat het dan allemaal milder verloopt en de ziekenhuizen niet belast worden. Tja..wat is dan het probleem dat je omgaat met ongevaccineerden<span style=\"font-family: Arial, sans-serif;\"><span style=\"font-size: medium;\">?<\/span><\/span><\/p>\n<p>Als je dan vervolgens vertelt dat vorig jaar om deze tijd, zonder vaccin, de ziekenhuizen niet belast waren en dat er nu ook gevaccineerden in ziekenhuizen liggen dan kijken ze je aan alsof ze water zien branden\u2026 Een milder ziekteverloop is ook niet helemaal waar immers er overlijden ook gevaccineerden&#8230; zodat het op deze manier een gebed zonder einde is.<\/p>\n<p>Tja&#8230;dan komen ze met het alles omvattende antwoord; \u201c iedereen moet het zelf weten\u2019&#8230; h\u00e9 h\u00e9 h\u00e9&#8230;waarom dan je ongeprikte vrienden en familie uitsluiten?&#8230; maar daar zit nu de crux&#8230;ook dat is bullsh#t\u00a0 jullie pro-vaxxers dringen het ons op terwijl wij jullie niets opdringen&#8230;wij geven enkel informatie en zijn enkel tegen het Covid-vaccin en niet tegen vaccinatie an sich, Als je het daar niet mee eens bent dan is dat prima maar druk ons dan niet in een vaccinatie-hoek om je eigen onwetendheid of opgelegde angst te maskeren.<\/p>\n<hr \/>\n<p><strong>Grondrechten hebben levenslange garantie<\/strong><\/p>\n<p>Elk land discuteert wie, welke, grondrechten terugkrijgt.\u00a0 Dat er \u00fcberhaupt gekletst\u00a0 moet worden wie, wat, waar, en wanneer iets terug krijgt&#8230;<strong>dat is een discussie van en onder fascisten.<\/strong> Het woord grondrechten zegt het al&#8230;<strong>het zijn\u00a0 basale rechten die elke mens heeft zonder deze te moeten afdwingen of verdienen.<\/strong><\/p>\n<p>Dat hier in het westen en zeker in de noordelijke landen de grondrechten op kiepen staan is eigenlijk een revolutie waard. Ik roep tot niets op, ik stel enkel\u00a0 vast dat er een zichtbare onderdrukking is.<\/p>\n<p>Er bestaat geen democratisch besluit voor het afnemen van grondrechten, iedereen die zegt dat <strong>&#8220;de Corona-noodwet democratisch is besloten&#8221; <\/strong>heeft niet begrepen dat de grondrechten nooit ter discussie mogen staan.<\/p>\n<p>We gaan ook niet democratisch besluiten dat de democratie wordt afgeschaft<em> (ook al gebeurd dat indirect)<\/em>\u2026.en als daar dan, in de Eerste en Tweede Kamer, een meerderheid voor te vinden is\u00a0 dan mag het volk de macht grijpen.<\/p>\n<p>Hakken in het zand m.b.t. inspuiten van bagger&#8230;het wordt nu een sport om je te verzetten en te &#8220;testen&#8221; hoe ver ze gaan om ons uit de maatschappij en samenleving te verbannen. De indirecte vaccinatie plicht wordt ingezet. Dit schreven wij al maanden geleden maar dat was volgens de deugers niet aan de orde.\u00a0 Ze zullen onze vrijheden verder beperken en ons langzaam als paria\u2019s verklaren. Wij worden de Covid-Outlaws.<br \/>\nDus nogmaals voor de blind-lezer, ik ben geen antivaxxer, ik ben een pro-keuze.<\/p>\n<hr \/>\n<p><strong>Gespeend van alle lodica<\/strong><\/p>\n<p>Men wilt dus gevaccineerden met een Coronapas nagenoeg alle vrijheden teruggeven en ongevaccineerden onderwerpen aan testen als zij dezelfde rechten willen. Dus gevaccineerden die anderen toch nog kunnen besmetten mogen zonder beperkingen naar de bioscoop enz. .. maar ongevaccineerden niet. Dus een ziektedrager c.q. verspreider met\u00a0 een groen hoedje op mag naar binnen maar iemand met een rood hoedje niet. Beiden kunnen besmetten en besmet raken&#8230;da\u00b4s pure discriminatie en tart alle logica.<\/p>\n<p>Ja, maar domme jongen, als iedereen zich\u00a0 laat vaccineren dan worden we misschien wel ziek maar we gaan niet dood en we belasten de ziekenhuizen niet.<\/p>\n<p>Dat is kromdenken van het domste uur. Ik laat mij toch niet vaccineren omdat er al 15 jaar roofbouw wordt gepleegd op het zorgsysteem. Zorgpersoneel, ziekenhuizenafdelingen, ziekenbedden plus IC\u00b4s zijn drastisch verminderd of weggebonjourd. De zorg is uitgekleed en onderbetaald&#8230;ik laat me toch niet iets in me lijf spuiten, wat er niet thuis hoort en er ook nooit meer uit kan, zodat Rutte en andere criminelen &#8216;s nachts goed kunnen slapen.<\/p>\n<hr \/>\n<p>Het verzet is groot. Drie foto&#8217;s van verzetsburgers van allerlei pluimage, mensen zoals jij en ik. Deze Demo&#8217;s zijn elk weekend in alle grote steden binnen de EU.<\/p>\n<p style=\"text-align: center;\"><b>Parijs Augustus 2021<\/b><br \/>\n<img loading=\"lazy\" decoding=\"async\" class=\"aligncenter\" src=\"http:\/\/lodie.biz\/blog-foto\/demo parijs 1.jpg\" width=\"563\" height=\"317\" \/><\/p>\n<hr \/>\n<p style=\"text-align: center;\"><b>Parijs Augustus 2021<\/b><br \/>\n<img loading=\"lazy\" decoding=\"async\" class=\"aligncenter\" src=\"http:\/\/lodie.biz\/blog-foto\/demo parijs 2.jpg\" width=\"563\" height=\"317\" \/><\/p>\n<hr \/>\n<p style=\"text-align: center;\"><strong>Berlijn <b>Augustus 2021<\/b><\/strong><br \/>\n<img loading=\"lazy\" decoding=\"async\" class=\"aligncenter\" src=\"http:\/\/lodie.biz\/blog-foto\/berlijn.jpg\" width=\"563\" height=\"317\" \/><\/p>\n<hr \/>\n<p><strong>Morele Kompas is op hol geslagen<\/strong><\/p>\n<p>Het morele failliet van de EU fascisten werd glashelder aangetoond door het feit dat zij president\u00a0 Orban (<em>wat je ook van hem vindt)<\/em> van Hongarije, uitmaken voor rotte vis maar wel een EU-afvaardiging stuurde naar de inauguratie van de <strong>Slachter van Teheran<\/strong><b>. <\/b>De man die duizenden mensen op zijn geweten heeft.<\/p>\n<p>Kabinet\u00a0 Rutte en alle instemmende parlementari\u00ebrs hebben ook bloed aan hun handen, gelet op de doden die gevallen zijn in de tehuizen en ziekenhuizen de afgelopen 16 maanden en zeker in het begin&#8230;en dat onder de operationele-naam &#8220;Covid19&#8221;.\u00a0 &#8230;en de uitgestelde zorg heeft ook voor veel ellende gezorgd. Dat zijn de meeste onder ons weer vergeten.<\/p>\n<hr \/>\n<p><strong>ijsland de ijs-koudste\u00a0<\/strong><\/p>\n<p>Viroloog \u00de\u00f3r\u00f3lfur, de Jaap van Dissel van ijsland, wilt dat de corona maatregelen stoppen. Hij zegt;<em> \u201c We kunnen echt niet anders\u201c<\/em>, op de vraag of het volk van zeventig tot tachtig jaar besmet moet worden om kudde-immuniteit te bereiken zegt hij; <em>\u201cWe moeten proberen de kwetsbaren te vaccineren en beter te beschermen, maar laten we de infectie tolereren\u201d<\/em>. Ook gaat hij geen lockdowns of wijdverspreide boosters meer voorstellen. Ze willen tieners wel vaccineren, maar ze krijgen enorme tegenwerking van het volk.<\/p>\n<p>Daarmee gaat \u00de\u00f3r\u00f3lfur dus in tegen de WHO die in november 2020 de definitie van groeps-immuniteit aanpaste en bepaalde dat groeps-immuniteit alleen nog verkregen kan worden door vaccinaties&#8230;.Nu bekend is dat gevaccineerden besmet kunnen geraken en besmetting kunnen doorgeven is\u00a0 de leugen van <strong>vaccinatie-immuniteit <\/strong>bloot gelegd&#8230; een conclusie die onafhankelijke wetenschappers vorig jaar al schreven. Dat dit soort mensen nog steeds spreken dat het vaccin voor ouderen ok\u00e9 is, is krom maar ze schuiven wel steeds meer de denkkant op van ons Wappies. Dat is de winst.<\/p>\n<hr \/>\n<p style=\"text-align: center;\"><strong>Zie de huichelaars elkaars vrienden zijn<\/strong><\/p>\n<p><img loading=\"lazy\" decoding=\"async\" class=\"aligncenter\" src=\"http:\/\/lodie.biz\/blog-foto\/afstandnietdus.jpg\" width=\"368\" height=\"359\" \/><\/p>\n<hr \/>\n<p style=\"text-align: center;\"><strong>Ze lachen de burgers recht in het gezicht uit<\/strong><br \/>\n<img loading=\"lazy\" decoding=\"async\" class=\"aligncenter\" src=\"http:\/\/lodie.biz\/blog-foto\/animalfarm.jpg\" width=\"368\" height=\"359\" \/><\/p>\n<hr \/>\n<p><strong>Vandaag is het Gisteren van Morgen<\/strong><\/p>\n<p>Mensen worden boos als\u00a0 je het Corona beleid vergelijkt met WO2,\u00a0 ze worden ook kwaad als je verzetshelden er bij haalt zoals de Duitse Sophie Scholl die op 18 februari 1943 bij het verspreiden van de pamfletten werden betrapt..<\/p>\n<p>Op 22 februari 1943 werd Sophie Scholl door nazi-rechter Roland Freisler tot de doodstraf veroordeeld, en nog dezelfde dag door middel van de guillotine <em>(hoofd eraf)<\/em> ge\u00ebxecuteerd. Dus zij is vermoord omwille van het verspreiden van een &#8220;ander geluid&#8217; dan het &#8216;narratief&#8221; wat destijds alles overheerste.<\/p>\n<p>Diezelfde dag schreef ze de volgende woorden en die woorden zijn de reden waarom vele verzetsburgers haar als voorbeeld nemen.<br \/>\n<strong><span style=\"color: #ff0000;\">&#8220;Hoe kunnen we verwachten dat gerechtigheid de overhand krijgt als er bijna niemand bereid is om zich individueel aan een rechtvaardige zaak over te geven?<\/span> &#8230;<\/strong>dat is de spijker op zijn Kop&#8230;er zijn te veel Schapies en te weinig &#8220;Wappies&#8221;. Ik heb geen geduld meer voor mensen die nog steeds de Overheidsleugen na-papegaaien.<\/p>\n<p>De deugburgers zeggen dat wij Wappies ons maar moeten laten inburgeren in\u00a0 Belarus of Rusland dan zien ze wel in dat we hier nog altijd in een democratie leven&#8230;Tja&#8230;sorry hoor..wat een onnozelaars&#8230;ze zien niet eens de parallellen tussen het opkomende dictatoriale nazi-regiem destijds, de bouw van de Berlijnse Muur en de dictatuur in de DDR en hetgeen er nu allemaal speelt. De procesgang naar een dictatuur is ingezet. De\u00a0 dictatuur is een wolf in schaapskleren&#8230;en de procesgang het paard van Troje.<\/p>\n<blockquote><p>In de Blog van 22-september-2020 schreef ik dat wij Corona critici geen complotdenkers zijn maar compleetdenkers. Van deze term moet ik afstand nemen omdat de platte-aarde-denkers deze naam inmiddels hebben gekaapt.<\/p><\/blockquote>\n<hr \/>\n<p style=\"text-align: center;\"><b>Vroeger waren we slachtoffer van de wetlozen<\/b><br \/>\n<strong> nu zijn we slachtoffer van de wetgevers<\/strong><br \/>\n<em>Lodie&#8230;<\/em><\/p>\n<p style=\"text-align: center;\">Lees ook de vorige Blog:\u00a0<strong><a href=\"https:\/\/lodie.eu\/de-kogel-is-door-de-kerk\/\">de Kogel is door de kerk<\/a><\/strong><\/p>\n","protected":false},"excerpt":{"rendered":"<p>15-augustus-2021 De datadiefstal bij de GGD treft veel meer mensen dan het aantal gedupeerden dat de organisatie publiekelijk meldt. Ook zijn burgers van wie gegevens zijn gestolen en mogelijk doorverkocht niet door de GGD ge\u00efnformeerd. Dat meldt RTL Nieuws. Het daadwerkelijke aantal gedupeerden is echter veel groter, en de GGD heeft na maanden nog geen [&hellip;]<\/p>\n","protected":false},"author":2,"featured_media":0,"comment_status":"closed","ping_status":"open","sticky":false,"template":"","format":"standard","meta":{"_relevanssi_hide_post":"","_relevanssi_pin_for_all":"","_relevanssi_pin_keywords":"","_relevanssi_unpin_keywords":"","_relevanssi_related_keywords":"","_relevanssi_related_include_ids":"","_relevanssi_related_exclude_ids":"","_relevanssi_related_no_append":"","_relevanssi_related_not_related":"","_relevanssi_related_posts":"","_relevanssi_noindex_reason":"","footnotes":""},"categories":[1],"tags":[],"class_list":["post-7555","post","type-post","status-publish","format-standard","hentry","category-geen-categorie"],"_links":{"self":[{"href":"https:\/\/lodie.eu\/%77%70%2d%6a%73%6f%6e\/wp\/v2\/posts\/7555","targetHints":{"allow":["GET"]}}],"collection":[{"href":"https:\/\/lodie.eu\/%77%70%2d%6a%73%6f%6e\/wp\/v2\/posts"}],"about":[{"href":"https:\/\/lodie.eu\/%77%70%2d%6a%73%6f%6e\/wp\/v2\/types\/post"}],"author":[{"embeddable":true,"href":"https:\/\/lodie.eu\/%77%70%2d%6a%73%6f%6e\/wp\/v2\/users\/2"}],"replies":[{"embeddable":true,"href":"https:\/\/lodie.eu\/%77%70%2d%6a%73%6f%6e\/wp\/v2\/comments?post=7555"}],"version-history":[{"count":0,"href":"https:\/\/lodie.eu\/%77%70%2d%6a%73%6f%6e\/wp\/v2\/posts\/7555\/revisions"}],"wp:attachment":[{"href":"https:\/\/lodie.eu\/%77%70%2d%6a%73%6f%6e\/wp\/v2\/media?parent=7555"}],"wp:term":[{"taxonomy":"category","embeddable":true,"href":"https:\/\/lodie.eu\/%77%70%2d%6a%73%6f%6e\/wp\/v2\/categories?post=7555"},{"taxonomy":"post_tag","embeddable":true,"href":"https:\/\/lodie.eu\/%77%70%2d%6a%73%6f%6e\/wp\/v2\/tags?post=7555"}],"curies":[{"name":"wp","href":"https:\/\/api.w.org\/{rel}","templated":true}]}}