

{"id":16279,"date":"2024-10-26T06:00:32","date_gmt":"2024-10-26T06:00:32","guid":{"rendered":"https:\/\/lodie.eu\/?p=16279"},"modified":"2024-10-26T07:40:52","modified_gmt":"2024-10-26T07:40:52","slug":"04-op-naar-de-uitgang","status":"publish","type":"post","link":"https:\/\/lodie.eu\/04-op-naar-de-uitgang\/","title":{"rendered":"04. Op naar de Uitgang"},"content":{"rendered":"<hr \/>\n<p style=\"text-align: center;\"><span style=\"font-family: Arial, Helvetica, sans-serif; font-size: 12pt; color: #000000;\"><strong>Geen zin om te lezen? Het leeshulpje leest het voor!<\/strong><\/span><\/p>\n<blockquote>\n<hr \/>\n<p><span style=\"font-family: Arial, Helvetica, sans-serif; font-size: 12pt; color: #000000;\"><strong><img loading=\"lazy\" decoding=\"async\" src=\"https:\/\/lodie.eu\/%77%70%2d%63%6f%6e%74%65%6e%74\/uploads\/2023\/02\/logo-rick-150x150.png\" alt=\"\" width=\"120\" height=\"120\" \/> 26 <em>oktober 2024<br \/>\n<\/em><\/strong><\/span><\/p>\n<hr \/>\n<\/blockquote>\n<hr \/>\n<p><strong><img loading=\"lazy\" decoding=\"async\" class=\"wp-image-16315 alignleft\" src=\"https:\/\/lodie.eu\/%77%70%2d%63%6f%6e%74%65%6e%74\/uploads\/2024\/10\/met_lege_handen-removebg-preview.png\" alt=\"\" width=\"136\" height=\"136\" srcset=\"https:\/\/lodie.eu\/%77%70%2d%63%6f%6e%74%65%6e%74\/uploads\/2024\/10\/met_lege_handen-removebg-preview.png 192w, https:\/\/lodie.eu\/%77%70%2d%63%6f%6e%74%65%6e%74\/uploads\/2024\/10\/met_lege_handen-removebg-preview-150x150.png 150w, https:\/\/lodie.eu\/%77%70%2d%63%6f%6e%74%65%6e%74\/uploads\/2024\/10\/met_lege_handen-removebg-preview-24x24.png 24w, https:\/\/lodie.eu\/%77%70%2d%63%6f%6e%74%65%6e%74\/uploads\/2024\/10\/met_lege_handen-removebg-preview-36x36.png 36w, https:\/\/lodie.eu\/%77%70%2d%63%6f%6e%74%65%6e%74\/uploads\/2024\/10\/met_lege_handen-removebg-preview-48x48.png 48w\" sizes=\"auto, (max-width: 136px) 100vw, 136px\" \/>Wilders staat met lege handen.<\/strong><\/p>\n<p>Wilders zijn Asiel-nood-wet is van de baan. Wilders hebben ze de afgelopen maanden zijn tanden \u00e9\u00e9n voor \u00e9\u00e9n getrokken, hij is nu een tandloze tijger. Nu is hij zijn laatste Kroonjuweel ook nog kwijt, conform zijn ruggengraat. Hij heeft tijdens de kabinetsformatie nagenoeg al zijn speerpunten verkwanselt en daardoor ook het vertrouwen van zijn kiezers, zou je denken&#8230;maar die zijn zodanig ontheemd dat Wilders waarschijnlijk nog steeds de grootste is.<\/p>\n<p>Zijn ijskast is vol met bedorven idealen, verloren plannen en kapot geslagen dromen. Voordat Wilders begon aan zijn kabinetsformatie stond hij al in de diepvrieskist min tien graden onder nul te wezen. Hij is een twitter-politici, kwaken langs de zijlijn. Hij is een goede debater maar staat op het verkeerde marktplein te venten en heeft door de jaren heen, binnen zijn solitair leven, realiteits-deuken op gelopen.<\/p>\n<p>Wat heeft hij nu wel bereikt?&#8230;niet veel.<\/p>\n<p><strong>1. <\/strong>Vanaf eind november grenscontroles invoeren, dwangsommen afschaffen die de overheid moet betalen als een asielaanvraag niet binnen de wettelijke termijn is afgehandeld, extra cellen bouwen voor uitgeprocedeerde asielzoekers.<\/p>\n<p><strong>2.<\/strong>Ook zou de spreidingswet al dit jaar worden ingetrokken en zijn afspraken gemaakt om te proberen delen van Syri\u00eb veilig te verklaren.<\/p>\n<p><strong>3.<\/strong>Verblijfsvergunningen voor onbepaalde tijd worden afgeschaft. Die voor bepaalde tijd gaan van vijf jaar naar drie jaar.<\/p>\n<p>Dit moet de Tweede en Eerste Kamer nog goedkeuren&#8230;Daarbij, ik lees niets over een asielstop of vermindering ervan&#8230; rest my case.<\/p>\n<p>Wilders zegt \u2019blij te zijn\u2019 met de oplossing. Welke oplossing beste Baron von M\u00fcnchhausen?&#8230;we zullen enkele controles zien langs de grensstreek als symboolpolitiek om de schijn te wekken dat het werkt, maar geloof maar dat er niets zal veranderen. In Duitsland was men ook de eerste weken fanatiek, echter nu is dat afgezwakt naar weinig tot niets. De asielreizigers vinden steeds een weg. We hebben de afgelopen jaren zoveel beloftes voorbij zien komen wat betreft minder asielzoekers en het werden er steeds meer. Ze krijgen niet meer het voordeel van de twijfel, ze krijgen de twijfel van vertrouwen.<\/p>\n<p>Wilders ging gekleed de onderhandelingen in, gesmukt met allerlei politieke idealen en kwam er vervolgens geheel naakt uit en heeft zelfs geen zakken meer aan zijn lijf om zijn schaamte te verstoppen. Hij heeft zoveel water bij de wijn gedaan dat het bitter smaakt.<\/p>\n<p>Ik ben benieuwd naar de peilingen, want als hij nog steeds hoog staat wat zegt dat over de kiezers?&#8230;of ze\u00a0 zijn trouw, of ze zijn dom. Dom wil ik ze niet noemen, maar ook niet onwetend en als je wetend ben en je herhaalt dan toch dezelfde fout dan ben je oerstom.<\/p>\n<p>Einstein is zelfs van mening dat als je steeds dezelfde handeling doet, maar je verwacht steeds een andere uitkomst, dat je dan hartstikke gek bent.<\/p>\n<p>Minister Faber van Asiel en Migratie-zaken noemen ze openlijk bij de VARA &#8220;minister van Vreemdelingenhaat&#8221; en op social media wordt ze heks genoemd en andere vergelijkbare bespottingen. Deze Faber heeft afgelopen week het inreis-verbod van de Brit David Icke verlengd en dat is opmerkelijk. Icke heeft voor zijn uitgesproken mening een inreis-verbod in de gehele EU. In 2009 werd\u00a0 Wilders geweigerd in Engeland voor zijn film Fitna, een film die moest waarschuwen voor de dreiging van de islam. Dan is het toch bitter, zuur en hypocriet dat je dan David Icke weigert om zijn mening, terwijl je partijleider ook is geweigerd voor zijn mening. Waar zijn we in terechtgekomen als we bang zijn voor elkaars mening?<\/p>\n<p>Op 9 november 2022 schreef ik in Blog: 46. &#8220;Dode Vredes Duif&#8221; onder het kopje &#8220;Dwangbuis&#8221; een stukje over David Icke zijn inreis-verbod. <strong><a href=\"https:\/\/lodie.eu\/dode-vredes-duif\/?highlight=icke\" target=\"_blank\" rel=\"noopener\">David Icke<\/a><\/strong><\/p>\n<hr \/>\n<p><strong>Fataal denken door miezerige wezens.<img loading=\"lazy\" decoding=\"async\" class=\" wp-image-16316 alignright\" src=\"https:\/\/lodie.eu\/%77%70%2d%63%6f%6e%74%65%6e%74\/uploads\/2024\/10\/fataal.jpg\" alt=\"\" width=\"164\" height=\"164\" srcset=\"https:\/\/lodie.eu\/%77%70%2d%63%6f%6e%74%65%6e%74\/uploads\/2024\/10\/fataal.jpg 400w, https:\/\/lodie.eu\/%77%70%2d%63%6f%6e%74%65%6e%74\/uploads\/2024\/10\/fataal-300x300.jpg 300w, https:\/\/lodie.eu\/%77%70%2d%63%6f%6e%74%65%6e%74\/uploads\/2024\/10\/fataal-150x150.jpg 150w, https:\/\/lodie.eu\/%77%70%2d%63%6f%6e%74%65%6e%74\/uploads\/2024\/10\/fataal-24x24.jpg 24w, https:\/\/lodie.eu\/%77%70%2d%63%6f%6e%74%65%6e%74\/uploads\/2024\/10\/fataal-36x36.jpg 36w, https:\/\/lodie.eu\/%77%70%2d%63%6f%6e%74%65%6e%74\/uploads\/2024\/10\/fataal-48x48.jpg 48w\" sizes=\"auto, (max-width: 164px) 100vw, 164px\" \/><\/strong><\/p>\n<p><em>Zelensky presenteerde vorige week zijn &#8220;Overwinningsplan&#8221;.\u00a0 <\/em>Ga er maar even goed voor zitten.<\/p>\n<p><em>Zelensky noemt het lidmaatschap van de NAVO fundamenteel voor zijn plan. Zelensky ziet ook een grote rol voor Oekra\u00efne in de NAVO na het verslaan van Rusland. Oekra\u00efense militairen zouden volgens hem de Amerikaanse militairen in Europa kunnen vervangen.<\/em><\/p>\n<p>De oorlogs-puber maakte duidelijk hoe zijn land zichzelf in de toekomst tegen Rusland wil beschermen hij zegt,<em> &#8216;\u00f3f de NAVO neemt zijn land snel op in haar bondgenootschap \u2013 \u00f3f Oekra\u00efne wordt weer een kernmacht.<\/em><\/p>\n<p><em>Verder moet Oekra\u00efne meer onbemande gewapende projectielen en raketten gaan gebruiken. Alle beperkingen op het gebruik van raketten moeten verdwijnen. Oekra\u00efne wil door het Westen geleverde wapens gebruiken om militaire doelen in Rusland aan te vallen. Volgens Zelensky is het erg belangrijk<\/em><br \/>\n<em>dat &#8220;de gevechten op Russisch grondgebied gevoerd worden&#8217;.<\/em><\/p>\n<p>Tja, Napoleon Rutte, de Dictator Generaal van de NATO, zei afgelopen week dat Oekra\u00efne zeer zeker lid zal worden. Iedereen was flabbergasted en enkele dagen erna zei de NATO-trol dat het\u00a0 proces jaren duurt en dat het land eerst aan bepaalde voorschriften moet voldoen, plus alle Bondgenoten moeten instemmen. Dat zijn dus drie grote beren op de weg. Met zijn uitspraak jaagt hij Poetin nog meer de gordijnen in en dan vragen zich de heikneuters af waarom\u00a0 vloggers en bloggers niet willen inzien dat Poetin de slechterik is. Oekra\u00efne is volgens Zelensky overigens niet alleen in oorlog met Rusland, maar ook met Iran en Noord-Korea. Ok\u00e9, zo gedacht draaien we het om, Rusland is in oorlog met het gehele Westen.<\/p>\n<p>Moskou roept de Duitse ambassadeur op. De reden: de opening van het nieuwe hoofdkwartier in Rostock afgelopen maandag &#8211; dat ook NAVO-taken vervult. Volgens Rusland is de ingebruikname van het NAVO-hoofdkwartier in Rostock in strijd met het Twee Plus Vier-verdrag van 1990. Het Twee Plus Vier-verdrag van 1990 is, dat de Duitse hereniging internationaal bezegelde dat er geen stationering van \u201cstrijdkrachten van andere staten\u201d op het grondgebied van de voormalige DDR komt.<\/p>\n<p>Oeps, daar gaan we weer, ik krijg een D\u00e9j\u00e0 vu. Was het niet zo dat het Westen zich niet gehouden heeft aan de afspraken die gemaakt zijn\u00a0 ten tijde van de val van de muur, dat het Westen en Amerika niet zouden oprukken met militaire basissen richting Russische grens en dat Poetin dit jaren lang heeft aangekaart, maar men liet hem gewoon kletsen. Zeg\u00a0 je daar nu mee dat Poetin in zijn gelijk staat Blogman? ik zou zeggen verongelijkte lezer\/es, do the math&#8230;en nee ik heb niets met Dicto Poetin.<\/p>\n<p>De MSM strooien ook\u00a0 weer opgeklopte informatie over internet met het bericht dat 12.000 Noord-Koreaanse soldaten voor Rusland gaan vechten en dat baart Tweede Kamerleden veel zorgen. Nederland moet volgens de oppositie meer doen om het land van despoot Zelensky te steunen. Vervolgens bericht de MSM dat Zuid Korea Oekra\u00efne gaat helpen. Dus deze twee landen die ook niet gezond naast elkaar leven, vechten nu ook een proxy oorlog uit met Oekra\u00efne als the deadman in the middle.<\/p>\n<p>Weet je wat mij zorgen baart, dat deze SlaapKamer-leden ingedut zijn waardoor de logica uit staat, mochten ze die al bezitten. Soms denk ik is het kwaadaardigheid, of stupiditeit en veelal blijkt het een combinatie van beiden te zijn. Ze rommelen ons richting heksenketel, waar we met zijn allen in worden gekookt.<\/p>\n<p>Poetin, Zelensky, de NATO, WEF, VN ,WHO, MSM en allen die in dit rijtje thuis horen zijn de slechteriken in het spel en wij burgers zijn de slachtoffers.<\/p>\n<p>Het Europees Parlement is akkoord met een lening van 35 miljard euro aan Oekra\u00efne met als onderpand het rendement op bevroren Russische tegoeden. We weten hoe het gaat met leningen, die worden nooit terugbetaalt en de rente van de Russische tegoeden te gebruiken als onderpand is pure diefstal. De EU is toch ook een schaamteloze club. De BRICS-landen met hun 6 miljard mensen kunnen zomaar de nieuwe wereldorde worden in de toekomst en dit mede door de onbetrouwbaarheid van het Westen. De Brics zijn ook een zooitje bij elkaar geraapte despoten die de burgers ook niet veel ruimte gunnen.<\/p>\n<hr \/>\n<p><strong><img loading=\"lazy\" decoding=\"async\" class=\"wp-image-16317 alignright\" src=\"https:\/\/lodie.eu\/%77%70%2d%63%6f%6e%74%65%6e%74\/uploads\/2024\/10\/hart.jpg\" alt=\"\" width=\"268\" height=\"168\" srcset=\"https:\/\/lodie.eu\/%77%70%2d%63%6f%6e%74%65%6e%74\/uploads\/2024\/10\/hart.jpg 1080w, https:\/\/lodie.eu\/%77%70%2d%63%6f%6e%74%65%6e%74\/uploads\/2024\/10\/hart-300x188.jpg 300w, https:\/\/lodie.eu\/%77%70%2d%63%6f%6e%74%65%6e%74\/uploads\/2024\/10\/hart-1024x640.jpg 1024w, https:\/\/lodie.eu\/%77%70%2d%63%6f%6e%74%65%6e%74\/uploads\/2024\/10\/hart-768x480.jpg 768w, https:\/\/lodie.eu\/%77%70%2d%63%6f%6e%74%65%6e%74\/uploads\/2024\/10\/hart-24x15.jpg 24w, https:\/\/lodie.eu\/%77%70%2d%63%6f%6e%74%65%6e%74\/uploads\/2024\/10\/hart-36x23.jpg 36w, https:\/\/lodie.eu\/%77%70%2d%63%6f%6e%74%65%6e%74\/uploads\/2024\/10\/hart-48x30.jpg 48w\" sizes=\"auto, (max-width: 268px) 100vw, 268px\" \/>Hartzaken.<\/strong><\/p>\n<p>Fitbook, dat een onderdeel is van Bild, de grootste krant van Duitsland, publiceerde het volgende:<br \/>\n<strong>Corona-vaccinatie kan leiden tot littekenvorming in het hart.<\/strong><\/p>\n<p>Volgens een nieuw onderzoek is er mogelijk een correlatie tussen de toegediende mRNA-vaccins en littekenvorming in de hartspier. Meer en meer ongewenste bijwerkingen en mogelijke gevolgen op lange termijn van coronavaccinaties komen aan het licht.\u00a0 <strong><a href=\"https:\/\/lodie.biz\/blog-pdf\/Corona-Impfung kann wom\u00f6glich zu Herzvernarbung f\u00fchren.pdf\" target=\"_blank\" rel=\"noopener\">Vaccin-Hartfalen<\/a><\/strong><\/p>\n<hr \/>\n<p><img loading=\"lazy\" decoding=\"async\" class=\"wp-image-16318 alignleft\" src=\"https:\/\/lodie.eu\/%77%70%2d%63%6f%6e%74%65%6e%74\/uploads\/2024\/10\/vleesplant.jpg\" alt=\"\" width=\"129\" height=\"195\" srcset=\"https:\/\/lodie.eu\/%77%70%2d%63%6f%6e%74%65%6e%74\/uploads\/2024\/10\/vleesplant.jpg 676w, https:\/\/lodie.eu\/%77%70%2d%63%6f%6e%74%65%6e%74\/uploads\/2024\/10\/vleesplant-198x300.jpg 198w, https:\/\/lodie.eu\/%77%70%2d%63%6f%6e%74%65%6e%74\/uploads\/2024\/10\/vleesplant-16x24.jpg 16w, https:\/\/lodie.eu\/%77%70%2d%63%6f%6e%74%65%6e%74\/uploads\/2024\/10\/vleesplant-24x36.jpg 24w, https:\/\/lodie.eu\/%77%70%2d%63%6f%6e%74%65%6e%74\/uploads\/2024\/10\/vleesplant-32x48.jpg 32w\" sizes=\"auto, (max-width: 129px) 100vw, 129px\" \/><\/p>\n<p><strong>Bloemen zijn klimaat gevaarlijk.<\/strong><\/p>\n<p>Zutphen en nog diverse gemeenten, doen het bosje bloemen in de ban omdat\u00a0 een bosje 4 kilo CO\u00b2 bevat en klimaatschade veroorzaakt. Gemeenten geven jaarlijks vele boeketten weg ter ere van allerlei sociale beweegredenen. Ook de bloemen versieringen in die gemeenten worden weggehaald. In plaats van de boeketten schenkt men ecologische droogbloemen, biologische fruitmanden en biologische chocolades. Daar is niets mis mee, want fruit en chocolades zijn lekkernijen, maar de drogreden waarom men dat doet is sektarisch en weer een nagel aan de doodskist van het vrije leven.<\/p>\n<p>Busjes in de stad worden verboden, bosje bloemen is gevaarlijk, vlees en zuivel zijn den duivels, vliegen is asociaal en kritiek is dodelijk. Het normale abnormaal maken is de pandemie der zotten.<\/p>\n<hr \/>\n<p><img loading=\"lazy\" decoding=\"async\" class=\"wp-image-16319 alignright\" src=\"https:\/\/lodie.eu\/%77%70%2d%63%6f%6e%74%65%6e%74\/uploads\/2024\/10\/zonnepanelen.jpg\" alt=\"\" width=\"209\" height=\"139\" srcset=\"https:\/\/lodie.eu\/%77%70%2d%63%6f%6e%74%65%6e%74\/uploads\/2024\/10\/zonnepanelen.jpg 1080w, https:\/\/lodie.eu\/%77%70%2d%63%6f%6e%74%65%6e%74\/uploads\/2024\/10\/zonnepanelen-300x200.jpg 300w, https:\/\/lodie.eu\/%77%70%2d%63%6f%6e%74%65%6e%74\/uploads\/2024\/10\/zonnepanelen-1024x683.jpg 1024w, https:\/\/lodie.eu\/%77%70%2d%63%6f%6e%74%65%6e%74\/uploads\/2024\/10\/zonnepanelen-768x512.jpg 768w, https:\/\/lodie.eu\/%77%70%2d%63%6f%6e%74%65%6e%74\/uploads\/2024\/10\/zonnepanelen-24x16.jpg 24w, https:\/\/lodie.eu\/%77%70%2d%63%6f%6e%74%65%6e%74\/uploads\/2024\/10\/zonnepanelen-36x24.jpg 36w, https:\/\/lodie.eu\/%77%70%2d%63%6f%6e%74%65%6e%74\/uploads\/2024\/10\/zonnepanelen-48x32.jpg 48w\" sizes=\"auto, (max-width: 209px) 100vw, 209px\" \/><\/p>\n<p><strong>Drijvend de zon tegenmoet.<\/strong><\/p>\n<p><em>Het \u2019prestige project\u2019 om ruim 2,5 miljoen drijvende zonnepanelen op het IJsselmeer te plaatsen wordt afgeschoten. Minister Sophie Hermans (Klimaat en Groene Groei) zal dit binnenkort aan de Tweede Kamer bekendmaken, melden Haagse bronnen aan De Telegraaf.<\/em><\/p>\n<p>Het afschieten van het plan is niet enkel ter bescherming van het kwetsbare Natura2000-gebied en ook niet met betrekking tot de waterkwaliteit, de impact op boeren en vissers, maar met de ligging van een schietgebied van Defensie. Het project was gepland in de buurt van de enige plaats in Nederland waar met zware munitie en met nieuwe wapensystemen kan worden geoefend.<\/p>\n<p>Dus geloof het maar, als het schietgebied\/oefenterrein niet binnen dat gebied lag, dat men dan hun kont afveegde met Natura2000, de boeren, de vissers en de kwaliteit van het water, want de politiek heeft in het verleden en in het heden aangetoond dat ze totaal lak hebben aan de burgers en hun gezondheid.<\/p>\n<hr \/>\n<p><strong><img loading=\"lazy\" decoding=\"async\" class=\"size-full wp-image-16320 alignleft\" src=\"https:\/\/lodie.eu\/%77%70%2d%63%6f%6e%74%65%6e%74\/uploads\/2024\/10\/busje-komt-zo.jpg\" alt=\"\" width=\"200\" height=\"150\" srcset=\"https:\/\/lodie.eu\/%77%70%2d%63%6f%6e%74%65%6e%74\/uploads\/2024\/10\/busje-komt-zo.jpg 200w, https:\/\/lodie.eu\/%77%70%2d%63%6f%6e%74%65%6e%74\/uploads\/2024\/10\/busje-komt-zo-24x18.jpg 24w, https:\/\/lodie.eu\/%77%70%2d%63%6f%6e%74%65%6e%74\/uploads\/2024\/10\/busje-komt-zo-36x27.jpg 36w, https:\/\/lodie.eu\/%77%70%2d%63%6f%6e%74%65%6e%74\/uploads\/2024\/10\/busje-komt-zo-48x36.jpg 48w\" sizes=\"auto, (max-width: 200px) 100vw, 200px\" \/>Busje komt zo!<\/strong><\/p>\n<p><em>De burgemeester van Londen, Sadis Khan, is een proefbusroute in Noord Londen gestart om Joodse Londenaren een \u201eveiliger gevoel te geven tijdens het reizen.\u201d Deze nieuwe bussen 310 rijden elke 20 minuten tussen de haltes Stamford Hill in Hackney en Golders Green in Barnet.\u00a0<\/em><br \/>\nDat meldt de BBC.<\/p>\n<p>Zover komt het ook in Nederland en andere landen dat Joden apart vervoerd dienen te worden, alleen is het nu voor hun veiligheid. Straks worden er ook nog bussen ingezet voor de ABC-gemeenschap, want zij hebben ook met agressie te maken om wie ze zijn. Men kan geen haviken in \u00e9\u00e9n kooi plaatsen met duiven. Velen die zijn aangereisd uit het Verre Oosten brachten geen goud, mirre en wierook mee, maar onrust, agressie en criminaliteit<em>. (Voor hen die niet Bijbels onderlegt zijn, volgens de Bijbel kreeg Jezus bij de kraamvisite van drie koningen drie geschenken: goud van Melchior, mirre van Caspar en wierook van Balthasar.<\/em><\/p>\n<p>Trouwens, zou die bus elektrisch zijn, en noemen ze hem dan de Koosjerbus&#8221;?<\/p>\n<hr \/>\n<p><strong><img loading=\"lazy\" decoding=\"async\" class=\"wp-image-16321 alignright\" src=\"https:\/\/lodie.eu\/%77%70%2d%63%6f%6e%74%65%6e%74\/uploads\/2024\/10\/warmtepomp-buiten.jpg\" alt=\"\" width=\"222\" height=\"148\" srcset=\"https:\/\/lodie.eu\/%77%70%2d%63%6f%6e%74%65%6e%74\/uploads\/2024\/10\/warmtepomp-buiten.jpg 1254w, https:\/\/lodie.eu\/%77%70%2d%63%6f%6e%74%65%6e%74\/uploads\/2024\/10\/warmtepomp-buiten-300x200.jpg 300w, https:\/\/lodie.eu\/%77%70%2d%63%6f%6e%74%65%6e%74\/uploads\/2024\/10\/warmtepomp-buiten-1024x683.jpg 1024w, https:\/\/lodie.eu\/%77%70%2d%63%6f%6e%74%65%6e%74\/uploads\/2024\/10\/warmtepomp-buiten-768x512.jpg 768w, https:\/\/lodie.eu\/%77%70%2d%63%6f%6e%74%65%6e%74\/uploads\/2024\/10\/warmtepomp-buiten-24x16.jpg 24w, https:\/\/lodie.eu\/%77%70%2d%63%6f%6e%74%65%6e%74\/uploads\/2024\/10\/warmtepomp-buiten-36x24.jpg 36w, https:\/\/lodie.eu\/%77%70%2d%63%6f%6e%74%65%6e%74\/uploads\/2024\/10\/warmtepomp-buiten-48x32.jpg 48w\" sizes=\"auto, (max-width: 222px) 100vw, 222px\" \/>Ketel versus pomp in de plomp.<\/strong><\/p>\n<p><em>In Vlaanderen is er ophef over een onderzoek van de Universiteit Gent. Wat blijkt? Warmtepompen zijn niet beter voor het milieu dan moderne condensatieketels op aardgas. Deze conclusie, zet de hele groene transitie weer in een ander daglicht. Het onderzoek toont aan dat de volledige milieuvoetafdruk van een warmtepomp gelijk is aan die van een moderne gasgestookte verwarmingsketel. Terwijl klimaatalarmisten ons al jaren proberen wijs te maken dat de warmtepomp d\u00e9 oplossing is voor onze uitstootproblemen, blijkt nu dat het verschil met een moderne gasketel miniem is als je de hele milieu-impact meerekent.<\/em><br \/>\nDaar staan ze dan de groene draken, de onruststokers met hun dure, niet altijd werkende en stroom vretende warmtepomp.<\/p>\n<hr \/>\n<p><strong><img loading=\"lazy\" decoding=\"async\" class=\"size-full wp-image-16322 alignleft\" src=\"https:\/\/lodie.eu\/%77%70%2d%63%6f%6e%74%65%6e%74\/uploads\/2024\/10\/woud.jpg\" alt=\"\" width=\"274\" height=\"184\" srcset=\"https:\/\/lodie.eu\/%77%70%2d%63%6f%6e%74%65%6e%74\/uploads\/2024\/10\/woud.jpg 274w, https:\/\/lodie.eu\/%77%70%2d%63%6f%6e%74%65%6e%74\/uploads\/2024\/10\/woud-24x16.jpg 24w, https:\/\/lodie.eu\/%77%70%2d%63%6f%6e%74%65%6e%74\/uploads\/2024\/10\/woud-36x24.jpg 36w, https:\/\/lodie.eu\/%77%70%2d%63%6f%6e%74%65%6e%74\/uploads\/2024\/10\/woud-48x32.jpg 48w\" sizes=\"auto, (max-width: 274px) 100vw, 274px\" \/>Miljoenen bomen kappen voor soja.<\/strong><\/p>\n<p><em>Het Amazonegebied is het grootste oerwoud ter wereld en is van grote betekenis voor het mondiale klimaat. Volgens onderzoekers heeft er de afgelopen jaren een \u201cversnelde transformatie\u201d\u00a0 plaatsgevonden. Het land dat voorheen bedekt was met bos voor mijnbouw, landbouw of veeteelt en talloze ecosystemen zijn verdwenen om plaats te maken voor enorme weilanden, sojavelden of andere monoculturen, of ze zijn veranderd in kraters voor goudwinning. Volgens het onderzoek is er binnen het Amazonewoud de afgelopen vier decennia evenveel bos verloren gegaan als heel Duitsland en Frankrijk bij elkaar.<\/em>\u00a0Bron: Bild.<\/p>\n<p>&#8230;en weer zo&#8217;n groene leugen. De soja-kauwers en drinkers, dat zijn van die mensen die van mening zijn dat de koeien, mest, auto&#8217;s en ook de volledige landbouw slecht zijn voor het klimaat, maken de wereld kapot zodat ze hun soja melk kunnen blijven slurpen en hun soja broodje kunnen kauwen. Dus niet de olie of de mest, maar de soja-boon maakt de wouden kapot. Het is echt de wereld op zijn kop. Ze verwoesten de natuur, de mens en de economie. Ik zou zeggen, pak de pil van Drion<em> (zelfmoord pil) <\/em>als je bang bent voor het leven, maar zadel ons niet op met jullie mentale problemen.<\/p>\n<hr \/>\n<blockquote>\n<hr \/>\n<p style=\"text-align: center;\"><span style=\"color: #000000;\"><strong><span style=\"font-family: Arial, Helvetica, sans-serif; font-size: 12pt;\">Het nieuwe normaal is; de feiten censureren om de leugens te beschermen.<\/span><\/strong><\/span><\/p>\n<p style=\"text-align: center;\"><span style=\"color: #000000;\"><strong><span style=\"font-family: Arial, Helvetica, sans-serif; font-size: 12pt;\">\u00a0 \u00a0<\/span><\/strong><span style=\"font-family: Arial, Helvetica, sans-serif; font-size: 12pt;\"><em>\u00a0 (Lodie&#8230;huis, tuin en toetsenbord-filosoof)<\/em><\/span><\/span><\/p>\n<hr \/>\n<\/blockquote>\n<hr \/>\n<p><span style=\"font-size: 12pt; font-family: Arial, Helvetica, sans-serif; color: #000000;\">Lees ook de vorige Blog: <strong><strong>\u21d2 <a href=\"https:\/\/lodie.eu\/03-op-naar-de-uitgang\/\">03. Op naar de Uitgang<\/a>\u00a0<\/strong><\/strong><\/span><\/p>\n<hr \/>\n<hr \/>\n<p style=\"text-align: left;\"><span style=\"color: #000000; font-size: 12pt; font-family: Arial, Helvetica, sans-serif;\"><strong><img loading=\"lazy\" decoding=\"async\" class=\"wp-image-10251 alignleft\" src=\"https:\/\/lodie.eu\/%77%70%2d%63%6f%6e%74%65%6e%74\/uploads\/2022\/04\/alaaf-removebg-preview-150x150.png\" alt=\"\" width=\"73\" height=\"73\" srcset=\"https:\/\/lodie.eu\/%77%70%2d%63%6f%6e%74%65%6e%74\/uploads\/2022\/04\/alaaf-removebg-preview-150x150.png 150w, https:\/\/lodie.eu\/%77%70%2d%63%6f%6e%74%65%6e%74\/uploads\/2022\/04\/alaaf-removebg-preview-295x300.png 295w, https:\/\/lodie.eu\/%77%70%2d%63%6f%6e%74%65%6e%74\/uploads\/2022\/04\/alaaf-removebg-preview-24x24.png 24w, https:\/\/lodie.eu\/%77%70%2d%63%6f%6e%74%65%6e%74\/uploads\/2022\/04\/alaaf-removebg-preview-36x36.png 36w, https:\/\/lodie.eu\/%77%70%2d%63%6f%6e%74%65%6e%74\/uploads\/2022\/04\/alaaf-removebg-preview-48x48.png 48w, https:\/\/lodie.eu\/%77%70%2d%63%6f%6e%74%65%6e%74\/uploads\/2022\/04\/alaaf-removebg-preview.png 360w\" sizes=\"auto, (max-width: 73px) 100vw, 73px\" \/><\/strong><\/span><\/p>\n<blockquote>\n<p style=\"text-align: left;\"><span style=\"color: #000000; font-size: 12pt; font-family: Arial, Helvetica, sans-serif;\"><strong>Alaaf!<\/strong><\/span><\/p>\n<hr \/>\n<\/blockquote>\n<hr \/>\n","protected":false},"excerpt":{"rendered":"<p>Geen zin om te lezen? Het leeshulpje leest het voor! 26 oktober 2024 Wilders staat met lege handen. Wilders zijn Asiel-nood-wet is van de baan. Wilders hebben ze de afgelopen maanden zijn tanden \u00e9\u00e9n voor \u00e9\u00e9n getrokken, hij is nu een tandloze tijger. Nu is hij zijn laatste Kroonjuweel ook nog kwijt, conform zijn ruggengraat. [&hellip;]<\/p>\n","protected":false},"author":2,"featured_media":0,"comment_status":"closed","ping_status":"closed","sticky":false,"template":"","format":"standard","meta":{"_relevanssi_hide_post":"","_relevanssi_pin_for_all":"","_relevanssi_pin_keywords":"","_relevanssi_unpin_keywords":"","_relevanssi_related_keywords":"","_relevanssi_related_include_ids":"","_relevanssi_related_exclude_ids":"","_relevanssi_related_no_append":"","_relevanssi_related_not_related":"","_relevanssi_related_posts":"","_relevanssi_noindex_reason":"","footnotes":""},"categories":[1],"tags":[],"class_list":["post-16279","post","type-post","status-publish","format-standard","hentry","category-geen-categorie"],"_links":{"self":[{"href":"https:\/\/lodie.eu\/%77%70%2d%6a%73%6f%6e\/wp\/v2\/posts\/16279","targetHints":{"allow":["GET"]}}],"collection":[{"href":"https:\/\/lodie.eu\/%77%70%2d%6a%73%6f%6e\/wp\/v2\/posts"}],"about":[{"href":"https:\/\/lodie.eu\/%77%70%2d%6a%73%6f%6e\/wp\/v2\/types\/post"}],"author":[{"embeddable":true,"href":"https:\/\/lodie.eu\/%77%70%2d%6a%73%6f%6e\/wp\/v2\/users\/2"}],"replies":[{"embeddable":true,"href":"https:\/\/lodie.eu\/%77%70%2d%6a%73%6f%6e\/wp\/v2\/comments?post=16279"}],"version-history":[{"count":0,"href":"https:\/\/lodie.eu\/%77%70%2d%6a%73%6f%6e\/wp\/v2\/posts\/16279\/revisions"}],"wp:attachment":[{"href":"https:\/\/lodie.eu\/%77%70%2d%6a%73%6f%6e\/wp\/v2\/media?parent=16279"}],"wp:term":[{"taxonomy":"category","embeddable":true,"href":"https:\/\/lodie.eu\/%77%70%2d%6a%73%6f%6e\/wp\/v2\/categories?post=16279"},{"taxonomy":"post_tag","embeddable":true,"href":"https:\/\/lodie.eu\/%77%70%2d%6a%73%6f%6e\/wp\/v2\/tags?post=16279"}],"curies":[{"name":"wp","href":"https:\/\/api.w.org\/{rel}","templated":true}]}}